{"id":2743,"date":"2024-11-13T12:07:04","date_gmt":"2024-11-13T15:07:04","guid":{"rendered":"https:\/\/www.camaru.org.br\/sru\/?p=2743"},"modified":"2024-11-13T12:07:04","modified_gmt":"2024-11-13T15:07:04","slug":"assembleia-geral-extraordinaria-delibera-mudanca-na-presidencia-do-sindicato-rural-de-uberlandia","status":"publish","type":"post","link":"https:\/\/www.camaru.org.br\/sru\/assembleia-geral-extraordinaria-delibera-mudanca-na-presidencia-do-sindicato-rural-de-uberlandia\/","title":{"rendered":"Assembleia Geral Extraordin\u00e1ria delibera mudan\u00e7a na presid\u00eancia do Sindicato Rural de Uberl\u00e2ndia"},"content":{"rendered":"<p>Em Assembleia Geral Extraordin\u00e1ria realizada na manh\u00e3 desta quarta-feira, 13 de novembro, o Sindicato Rural de Uberl\u00e2ndia comunicou e aprovou o afastamento definitivo a pedido de Thiago Bianchi Silveira do cargo de presidente da institui\u00e7\u00e3o, bem como a transfer\u00eancia oficial da presid\u00eancia ao atual presidente em exerc\u00edcio, Thiago Soares Fonseca, que assume o cargo em car\u00e1ter definitivo at\u00e9 janeiro de 2027.<\/p>\n<p>Durante a assembleia, realizada na sede do Sindicato, Fonseca declarou seu compromisso com os associados, afirmando que trabalhar\u00e1 para dobrar as entregas de benef\u00edcios e potencializar todas as conquistas das gest\u00f5es anteriores. \u201cVamos ampliar o alcance dos programas e servi\u00e7os, visando um impacto ainda mais positivo para os produtores rurais da regi\u00e3o\u201d, disse Fonseca.<\/p>\n<p>A mudan\u00e7a na presid\u00eancia foi marcada por um balan\u00e7o positivo das conquistas alcan\u00e7adas ao longo dos tr\u00eas anos e meio de gest\u00e3o de Thiago Silveira. Entre os avan\u00e7os est\u00e3o a implementa\u00e7\u00e3o do programa de videomonitoramento rural, essencial para a seguran\u00e7a no campo; o programa de assist\u00eancia veterin\u00e1ria Mais Gen\u00e9tica, que promove a melhoria do rebanho bovino; e o programa Produtor Legal, voltado para a regulariza\u00e7\u00e3o fundi\u00e1ria, assessorias ambientais, entre outros.<\/p>\n<p>Thiago Silveira, que ao solicitar o afastamento declarou raz\u00f5es pessoais, passa agora a atuar como conselheiro consultivo. Ele destacou a confian\u00e7a na gest\u00e3o de Thiago Fonseca e a import\u00e2ncia da continuidade desse trabalho em defesa da classe rural em sua atua\u00e7\u00e3o em outras esferas. Essa mudan\u00e7a na lideran\u00e7a reflete o compromisso do Sindicato em manter sua atua\u00e7\u00e3o em defesa dos interesses do setor rural e refor\u00e7a a continuidade dos projetos que t\u00eam beneficiado os produtores da regi\u00e3o.<\/p>\n","protected":false},"excerpt":{"rendered":"<p>Em Assembleia Geral Extraordin\u00e1ria realizada na manh\u00e3 desta quarta-feira, 13 de novembro, o Sindicato Rural de Uberl\u00e2ndia comunicou e aprovou o afastamento definitivo a pedido de Thiago Bianchi Silveira do cargo de presidente da institui\u00e7\u00e3o, bem como a transfer\u00eancia oficial da presid\u00eancia ao atual presidente em exerc\u00edcio, Thiago Soares Fonseca, que assume o cargo em [&hellip;]<\/p>\n","protected":false},"author":2,"featured_media":2744,"comment_status":"closed","ping_status":"open","sticky":false,"template":"","format":"standard","meta":{"inline_featured_image":false,"_mi_skip_tracking":false,"_monsterinsights_sitenote_active":false,"_monsterinsights_sitenote_note":"","_monsterinsights_sitenote_category":0,"footnotes":""},"categories":[1],"tags":[],"class_list":["post-2743","post","type-post","status-publish","format-standard","has-post-thumbnail","hentry","category-sem-categoria"],"aioseo_notices":[],"_links":{"self":[{"href":"https:\/\/www.camaru.org.br\/sru\/wp-json\/wp\/v2\/posts\/2743","targetHints":{"allow":["GET"]}}],"collection":[{"href":"https:\/\/www.camaru.org.br\/sru\/wp-json\/wp\/v2\/posts"}],"about":[{"href":"https:\/\/www.camaru.org.br\/sru\/wp-json\/wp\/v2\/types\/post"}],"author":[{"embeddable":true,"href":"https:\/\/www.camaru.org.br\/sru\/wp-json\/wp\/v2\/users\/2"}],"replies":[{"embeddable":true,"href":"https:\/\/www.camaru.org.br\/sru\/wp-json\/wp\/v2\/comments?post=2743"}],"version-history":[{"count":1,"href":"https:\/\/www.camaru.org.br\/sru\/wp-json\/wp\/v2\/posts\/2743\/revisions"}],"predecessor-version":[{"id":2745,"href":"https:\/\/www.camaru.org.br\/sru\/wp-json\/wp\/v2\/posts\/2743\/revisions\/2745"}],"wp:featuredmedia":[{"embeddable":true,"href":"https:\/\/www.camaru.org.br\/sru\/wp-json\/wp\/v2\/media\/2744"}],"wp:attachment":[{"href":"https:\/\/www.camaru.org.br\/sru\/wp-json\/wp\/v2\/media?parent=2743"}],"wp:term":[{"taxonomy":"category","embeddable":true,"href":"https:\/\/www.camaru.org.br\/sru\/wp-json\/wp\/v2\/categories?post=2743"},{"taxonomy":"post_tag","embeddable":true,"href":"https:\/\/www.camaru.org.br\/sru\/wp-json\/wp\/v2\/tags?post=2743"}],"curies":[{"name":"wp","href":"https:\/\/api.w.org\/{rel}","templated":true}]}}