{"id":2746,"date":"2024-11-13T17:09:02","date_gmt":"2024-11-13T20:09:02","guid":{"rendered":"https:\/\/www.camaru.org.br\/sru\/?p=2746"},"modified":"2024-11-13T17:09:02","modified_gmt":"2024-11-13T20:09:02","slug":"sindicato-rural-de-uberlandia-apoia-o-uberlandia-summit-2024-visando-aproximar-o-setor-das-inovacoes-tecnologicas","status":"publish","type":"post","link":"https:\/\/www.camaru.org.br\/sru\/sindicato-rural-de-uberlandia-apoia-o-uberlandia-summit-2024-visando-aproximar-o-setor-das-inovacoes-tecnologicas\/","title":{"rendered":"Sindicato Rural de Uberl\u00e2ndia apoia o Uberl\u00e2ndia Summit 2024 visando aproximar o setor das inova\u00e7\u00f5es tecnol\u00f3gicas"},"content":{"rendered":"<p>O Sindicato Rural de Uberl\u00e2ndia, sempre atento \u00e0 import\u00e2ncia de aproximar o setor agropecu\u00e1rio das inova\u00e7\u00f5es em gest\u00e3o e tecnologia, apoia o Uberl\u00e2ndia Summit 2024, evento que traz uma programa\u00e7\u00e3o diversificada com foco em gest\u00e3o, empreendedorismo e transforma\u00e7\u00e3o digital. Realizado pela Connecta Expo, o encontro acontecer\u00e1 nos dias 26 e 27 de novembro, no Center Convention, e reunir\u00e1 empres\u00e1rios, startups, investidores e especialistas para discutir os rumos da inova\u00e7\u00e3o e o impacto da tecnologia em diferentes setores da economia.<\/p>\n<p>O Uberl\u00e2ndia Summit \u00e9 evento voltado para diversos temas de inova\u00e7\u00e3o, e um deles ser\u00e1 o painel AGROTECHser\u00e1 com Raphael Costa (diretor da ADM), Matheus Marino (pres. do Conselho da Coopercitrus) e Bruno Massia (vice-presidente do Ita\u00fa BBA). O moderador do debate ser\u00e1 Marcelo Prado, CEO MPrado Consultoria Empresarial. Com o tema Inova\u00e7\u00e3o no Agroneg\u00f3cio &#8211; competitividade e desafios o painel abordar\u00e1 as \u00faltimas tend\u00eancias tecnol\u00f3gicas que podem transformar a gest\u00e3o e a produtividade no campo. Este painel representa uma oportunidade \u00fanica para que produtores rurais, gestores e investidores do setor conhe\u00e7am mais sobre temas como intelig\u00eancia artificial, automa\u00e7\u00e3o e tecnologias de precis\u00e3o aplic\u00e1veis \u00e0 agropecu\u00e1ria.<\/p>\n<p>De acordo com o presidente do Sindicato Rural de Uberl\u00e2ndia, Thiago Fonseca, o apoio ao Uberl\u00e2ndia Summit 2024 reflete nosso compromisso em promover o desenvolvimento e a competitividade do setor agropecu\u00e1rio. \u201cEste evento oferece uma oportunidade \u00fanica para que produtores rurais e profissionais do agro conhe\u00e7am de perto as inova\u00e7\u00f5es tecnol\u00f3gicas que podem transformar a gest\u00e3o e a produtividade no campo. A aproxima\u00e7\u00e3o com as novas tecnologias e startups especializadas permite que o setor agro avance no conceito de agro 4.0, essencial para responder aos desafios do futuro e potencializar nossa efici\u00eancia e sustentabilidade&#8221;, afirmou Fonseca.<\/p>\n<p><strong>Evento multissetorial com oportunidades para o setor agro<\/strong><\/p>\n<p>Ao longo do evento, os participantes ter\u00e3o acesso a uma s\u00e9rie de atividades voltadas ao desenvolvimento de uma mentalidade inovadora. O F\u00f3rum de Gest\u00e3o contar\u00e1 com palestrantes renomados, como Arthur Igreja, Caito Maia e Ricardo Rocha, que discutir\u00e3o temas como inova\u00e7\u00e3o em lideran\u00e7a, transforma\u00e7\u00e3o digital e estrat\u00e9gias de empreendedorismo. As Arenas Multidisciplinares, com temas de interesse para diversos setores, tamb\u00e9m oferecem uma abordagem interativa sobre o impacto da tecnologia na sa\u00fade, com\u00e9rcio e, especialmente, no agroneg\u00f3cio, para os produtores interessados em explorar o conceito do agro 4.0.<\/p>\n<p>Al\u00e9m disso, a Feira de Neg\u00f3cios trar\u00e1 expositores de solu\u00e7\u00f5es tecnol\u00f3gicas avan\u00e7adas, incluindo ferramentas de automa\u00e7\u00e3o, intelig\u00eancia de dados e softwares de gest\u00e3o que podem ser aplicados ao agroneg\u00f3cio, permitindo uma imers\u00e3o nas tend\u00eancias que est\u00e3o impulsionando o setor. J\u00e1 na Rodada de Neg\u00f3cios, empreendedores e investidores poder\u00e3o discutir diretamente novas oportunidades de colabora\u00e7\u00e3o e inova\u00e7\u00e3o.<\/p>\n<p><strong>Conex\u00e3o com startups e tecnologia: Startup Play<\/strong><\/p>\n<p>Para quem busca parcerias com startups e inova\u00e7\u00e3o de ponta, o Summit conta com o espa\u00e7o Startup Play, dedicado a promover o ecossistema empreendedor. Startups, ICTIs (Institui\u00e7\u00f5es Cient\u00edficas, Tecnol\u00f3gicas e de Inova\u00e7\u00e3o) e investidores estar\u00e3o reunidos para mentorias e sess\u00f5es de pitches, com participa\u00e7\u00e3o de entidades como FIEMG Lab e Aciub Inova\u00e7\u00e3o. Esta din\u00e2mica \u00e9 ideal para produtores e empreendedores do setor agro que desejam conhecer novas ideias ou buscar solu\u00e7\u00f5es personalizadas.<\/p>\n<p><strong>Inscri\u00e7\u00f5es abertas<\/strong><\/p>\n<p>As inscri\u00e7\u00f5es para o Uberl\u00e2ndia Summit 2024 est\u00e3o abertas e podem ser feitas pelo site www.uberlandiasummit.com.br. Produtores rurais e profissionais interessados em atualiza\u00e7\u00e3o tecnol\u00f3gica s\u00e3o convidados a participar deste evento, que se destaca por proporcionar uma vis\u00e3o ampla e estrat\u00e9gica sobre o futuro da inova\u00e7\u00e3o em m\u00faltiplos setores.<\/p>\n<p>Servi\u00e7o:<\/p>\n<p>Evento: Uberl\u00e2ndia Summit 2024<\/p>\n<p>Data: 26 e 27 de novembro de 2024<\/p>\n<p>Local: Center Convention, Uberl\u00e2ndia-MG<\/p>\n<p>Inscri\u00e7\u00f5es e informa\u00e7\u00f5es: <a href=\"http:\/\/www.uberlandiasummit.com.br\">www.uberlandiasummit.com.br<\/a><\/p>\n","protected":false},"excerpt":{"rendered":"<p>O Sindicato Rural de Uberl\u00e2ndia, sempre atento \u00e0 import\u00e2ncia de aproximar o setor agropecu\u00e1rio das inova\u00e7\u00f5es em gest\u00e3o e tecnologia, apoia o Uberl\u00e2ndia Summit 2024, evento que traz uma programa\u00e7\u00e3o diversificada com foco em gest\u00e3o, empreendedorismo e transforma\u00e7\u00e3o digital. Realizado pela Connecta Expo, o encontro acontecer\u00e1 nos dias 26 e 27 de novembro, no Center [&hellip;]<\/p>\n","protected":false},"author":2,"featured_media":2747,"comment_status":"closed","ping_status":"open","sticky":false,"template":"","format":"standard","meta":{"inline_featured_image":false,"_mi_skip_tracking":false,"_monsterinsights_sitenote_active":false,"_monsterinsights_sitenote_note":"","_monsterinsights_sitenote_category":0,"footnotes":""},"categories":[1],"tags":[],"class_list":["post-2746","post","type-post","status-publish","format-standard","has-post-thumbnail","hentry","category-sem-categoria"],"aioseo_notices":[],"_links":{"self":[{"href":"https:\/\/www.camaru.org.br\/sru\/wp-json\/wp\/v2\/posts\/2746","targetHints":{"allow":["GET"]}}],"collection":[{"href":"https:\/\/www.camaru.org.br\/sru\/wp-json\/wp\/v2\/posts"}],"about":[{"href":"https:\/\/www.camaru.org.br\/sru\/wp-json\/wp\/v2\/types\/post"}],"author":[{"embeddable":true,"href":"https:\/\/www.camaru.org.br\/sru\/wp-json\/wp\/v2\/users\/2"}],"replies":[{"embeddable":true,"href":"https:\/\/www.camaru.org.br\/sru\/wp-json\/wp\/v2\/comments?post=2746"}],"version-history":[{"count":1,"href":"https:\/\/www.camaru.org.br\/sru\/wp-json\/wp\/v2\/posts\/2746\/revisions"}],"predecessor-version":[{"id":2748,"href":"https:\/\/www.camaru.org.br\/sru\/wp-json\/wp\/v2\/posts\/2746\/revisions\/2748"}],"wp:featuredmedia":[{"embeddable":true,"href":"https:\/\/www.camaru.org.br\/sru\/wp-json\/wp\/v2\/media\/2747"}],"wp:attachment":[{"href":"https:\/\/www.camaru.org.br\/sru\/wp-json\/wp\/v2\/media?parent=2746"}],"wp:term":[{"taxonomy":"category","embeddable":true,"href":"https:\/\/www.camaru.org.br\/sru\/wp-json\/wp\/v2\/categories?post=2746"},{"taxonomy":"post_tag","embeddable":true,"href":"https:\/\/www.camaru.org.br\/sru\/wp-json\/wp\/v2\/tags?post=2746"}],"curies":[{"name":"wp","href":"https:\/\/api.w.org\/{rel}","templated":true}]}}