{"id":2749,"date":"2024-11-25T15:46:06","date_gmt":"2024-11-25T18:46:06","guid":{"rendered":"https:\/\/www.camaru.org.br\/sru\/?p=2749"},"modified":"2024-11-25T15:46:06","modified_gmt":"2024-11-25T18:46:06","slug":"leilao-de-gado-de-corte-especial-sera-realizado-no-parque-camaru","status":"publish","type":"post","link":"https:\/\/www.camaru.org.br\/sru\/leilao-de-gado-de-corte-especial-sera-realizado-no-parque-camaru\/","title":{"rendered":"Leil\u00e3o de Gado de Corte Especial ser\u00e1 realizado no Parque Camaru"},"content":{"rendered":"<p>O Sindicato Rural de Uberl\u00e2ndia promove, no dia 1\u00ba de dezembro de 2024 (domingo), a partir das 14h, o Leil\u00e3o de Gado de Corte Especial. O evento ser\u00e1 realizado no Parque Camaru, com transmiss\u00e3o ao vivo pelo canal oficial do Sindicato no YouTube, permitindo a participa\u00e7\u00e3o presencial e virtual.<\/p>\n<p>Com animais 100% pesados no recinto, o leil\u00e3o contar\u00e1 com uma programa\u00e7\u00e3o completa, iniciando o recebimento dos lotes no s\u00e1bado, das 7h \u00e0s 19h. A aprecia\u00e7\u00e3o dos animais estar\u00e1 aberta no s\u00e1bado a partir das 14h e no domingo a partir das 8h.<\/p>\n<p>Os interessados podem obter mais informa\u00e7\u00f5es ou inscrever lotes pelos telefones (34) 99968-9035, (34) 99968-1330 ou (34) 3292-8822. Lances tamb\u00e9m poder\u00e3o ser registrados via WhatsApp nos n\u00fameros disponibilizados pela organiza\u00e7\u00e3o.<\/p>\n<p>O Leil\u00e3o de Gado de Corte Especial \u00e9 uma excelente oportunidade para investidores e pecuaristas que buscam qualidade e confiabilidade no mercado.<\/p>\n<p>Para acompanhar ao vivo, acesse o link: <a href=\"https:\/\/www.youtube.com\/sindicatoruraldeuberlandiasru\">Canal do YouTube do Sindicato Rural de Uberl\u00e2ndia<\/a>.<\/p>\n<p><strong>Contato para mais informa\u00e7\u00f5es:<\/strong><\/p>\n<p>Sindicato Rural de Uberl\u00e2ndia<\/p>\n<p>Telefones: (34) 3292-8822 | (34) 99968-9035 | (34) 99968-1330<\/p>\n","protected":false},"excerpt":{"rendered":"<p>O Sindicato Rural de Uberl\u00e2ndia promove, no dia 1\u00ba de dezembro de 2024 (domingo), a partir das 14h, o Leil\u00e3o de Gado de Corte Especial. O evento ser\u00e1 realizado no Parque Camaru, com transmiss\u00e3o ao vivo pelo canal oficial do Sindicato no YouTube, permitindo a participa\u00e7\u00e3o presencial e virtual. Com animais 100% pesados no recinto, [&hellip;]<\/p>\n","protected":false},"author":2,"featured_media":2750,"comment_status":"closed","ping_status":"open","sticky":false,"template":"","format":"standard","meta":{"inline_featured_image":false,"_mi_skip_tracking":false,"_monsterinsights_sitenote_active":false,"_monsterinsights_sitenote_note":"","_monsterinsights_sitenote_category":0,"footnotes":""},"categories":[1],"tags":[],"class_list":["post-2749","post","type-post","status-publish","format-standard","has-post-thumbnail","hentry","category-sem-categoria"],"aioseo_notices":[],"_links":{"self":[{"href":"https:\/\/www.camaru.org.br\/sru\/wp-json\/wp\/v2\/posts\/2749","targetHints":{"allow":["GET"]}}],"collection":[{"href":"https:\/\/www.camaru.org.br\/sru\/wp-json\/wp\/v2\/posts"}],"about":[{"href":"https:\/\/www.camaru.org.br\/sru\/wp-json\/wp\/v2\/types\/post"}],"author":[{"embeddable":true,"href":"https:\/\/www.camaru.org.br\/sru\/wp-json\/wp\/v2\/users\/2"}],"replies":[{"embeddable":true,"href":"https:\/\/www.camaru.org.br\/sru\/wp-json\/wp\/v2\/comments?post=2749"}],"version-history":[{"count":1,"href":"https:\/\/www.camaru.org.br\/sru\/wp-json\/wp\/v2\/posts\/2749\/revisions"}],"predecessor-version":[{"id":2751,"href":"https:\/\/www.camaru.org.br\/sru\/wp-json\/wp\/v2\/posts\/2749\/revisions\/2751"}],"wp:featuredmedia":[{"embeddable":true,"href":"https:\/\/www.camaru.org.br\/sru\/wp-json\/wp\/v2\/media\/2750"}],"wp:attachment":[{"href":"https:\/\/www.camaru.org.br\/sru\/wp-json\/wp\/v2\/media?parent=2749"}],"wp:term":[{"taxonomy":"category","embeddable":true,"href":"https:\/\/www.camaru.org.br\/sru\/wp-json\/wp\/v2\/categories?post=2749"},{"taxonomy":"post_tag","embeddable":true,"href":"https:\/\/www.camaru.org.br\/sru\/wp-json\/wp\/v2\/tags?post=2749"}],"curies":[{"name":"wp","href":"https:\/\/api.w.org\/{rel}","templated":true}]}}