{"id":2759,"date":"2024-11-28T17:47:41","date_gmt":"2024-11-28T20:47:41","guid":{"rendered":"https:\/\/www.camaru.org.br\/sru\/?p=2759"},"modified":"2024-11-28T17:47:41","modified_gmt":"2024-11-28T20:47:41","slug":"sindicato-rural-de-uberlandia-estuda-implementar-projeto-de-comercializacao-estrategica-para-produtores-rurais","status":"publish","type":"post","link":"https:\/\/www.camaru.org.br\/sru\/sindicato-rural-de-uberlandia-estuda-implementar-projeto-de-comercializacao-estrategica-para-produtores-rurais\/","title":{"rendered":"Sindicato Rural de Uberl\u00e2ndia estuda implementar projeto de comercializa\u00e7\u00e3o estrat\u00e9gica para produtores rurais"},"content":{"rendered":"<p>O Sindicato Rural de Uberl\u00e2ndia, por meio de sua diretoria representada pelo presidente Thiago Fonseca e pelo diretor Andr\u00e9 Alves, realizou nesta quinta-feira, 28 de novembro, uma reuni\u00e3o com Bruno Rocha, Gerente Executivo do Instituto Ant\u00f4nio Ernesto de Salvo (INAES), e representantes da empresa Bioma. O encontro, que contou com a participa\u00e7\u00e3o online do vice-presidente da Federa\u00e7\u00e3o da Agricultura e Pecu\u00e1ria do Estado de Minas Gerais (FAEMG) e presidente do INAES, Renato Laguardia, teve como pauta o desenvolvimento de um projeto voltado para a cria\u00e7\u00e3o de um grupo de compras e vendas estrat\u00e9gicas, com o objetivo de oferecer mais efici\u00eancia e economia aos produtores rurais associados.<\/p>\n<p>Denominada <strong>Compra Estrat\u00e9gica<\/strong>, a iniciativa visa permitir que os produtores adquiram insumos de forma programada, antecipada e eventualmente at\u00e9 mesmo com pre\u00e7os travados, garantindo mais seguran\u00e7a e competitividade ao setor. A proposta inicial \u00e9 voltada para atender produtores de leite, e ser\u00e1 expandida para outras atividades, oferecendo a possibilidade de realizar compras em maior volume e no momento mais oportuno, otimizando custos e recursos.<\/p>\n<p>Com esta iniciativa, o Sindicato Rural de Uberl\u00e2ndia, em parceria com o Sistema Faemg, reafirma seu compromisso em oferecer servi\u00e7os relevantes e solu\u00e7\u00f5es pr\u00e1ticas para fortalecer o setor agropecu\u00e1rio local.<\/p>\n<p>&nbsp;<\/p>\n<p>&nbsp;<\/p>\n","protected":false},"excerpt":{"rendered":"<p>O Sindicato Rural de Uberl\u00e2ndia, por meio de sua diretoria representada pelo presidente Thiago Fonseca e pelo diretor Andr\u00e9 Alves, realizou nesta quinta-feira, 28 de novembro, uma reuni\u00e3o com Bruno Rocha, Gerente Executivo do Instituto Ant\u00f4nio Ernesto de Salvo (INAES), e representantes da empresa Bioma. O encontro, que contou com a participa\u00e7\u00e3o online do vice-presidente [&hellip;]<\/p>\n","protected":false},"author":2,"featured_media":2760,"comment_status":"closed","ping_status":"open","sticky":false,"template":"","format":"standard","meta":{"inline_featured_image":false,"_mi_skip_tracking":false,"_monsterinsights_sitenote_active":false,"_monsterinsights_sitenote_note":"","_monsterinsights_sitenote_category":0,"footnotes":""},"categories":[1],"tags":[],"class_list":["post-2759","post","type-post","status-publish","format-standard","has-post-thumbnail","hentry","category-sem-categoria"],"aioseo_notices":[],"_links":{"self":[{"href":"https:\/\/www.camaru.org.br\/sru\/wp-json\/wp\/v2\/posts\/2759","targetHints":{"allow":["GET"]}}],"collection":[{"href":"https:\/\/www.camaru.org.br\/sru\/wp-json\/wp\/v2\/posts"}],"about":[{"href":"https:\/\/www.camaru.org.br\/sru\/wp-json\/wp\/v2\/types\/post"}],"author":[{"embeddable":true,"href":"https:\/\/www.camaru.org.br\/sru\/wp-json\/wp\/v2\/users\/2"}],"replies":[{"embeddable":true,"href":"https:\/\/www.camaru.org.br\/sru\/wp-json\/wp\/v2\/comments?post=2759"}],"version-history":[{"count":1,"href":"https:\/\/www.camaru.org.br\/sru\/wp-json\/wp\/v2\/posts\/2759\/revisions"}],"predecessor-version":[{"id":2761,"href":"https:\/\/www.camaru.org.br\/sru\/wp-json\/wp\/v2\/posts\/2759\/revisions\/2761"}],"wp:featuredmedia":[{"embeddable":true,"href":"https:\/\/www.camaru.org.br\/sru\/wp-json\/wp\/v2\/media\/2760"}],"wp:attachment":[{"href":"https:\/\/www.camaru.org.br\/sru\/wp-json\/wp\/v2\/media?parent=2759"}],"wp:term":[{"taxonomy":"category","embeddable":true,"href":"https:\/\/www.camaru.org.br\/sru\/wp-json\/wp\/v2\/categories?post=2759"},{"taxonomy":"post_tag","embeddable":true,"href":"https:\/\/www.camaru.org.br\/sru\/wp-json\/wp\/v2\/tags?post=2759"}],"curies":[{"name":"wp","href":"https:\/\/api.w.org\/{rel}","templated":true}]}}