{"id":2769,"date":"2024-12-16T12:34:51","date_gmt":"2024-12-16T15:34:51","guid":{"rendered":"https:\/\/www.camaru.org.br\/sru\/?p=2769"},"modified":"2024-12-16T12:34:51","modified_gmt":"2024-12-16T15:34:51","slug":"prefeitura-mobiliza-comunidade-no-bairro-tocantins-em-acao-contra-o-aedes-aegypti-com-apoio-do-sindicato-rural-de-uberlandia","status":"publish","type":"post","link":"https:\/\/www.camaru.org.br\/sru\/prefeitura-mobiliza-comunidade-no-bairro-tocantins-em-acao-contra-o-aedes-aegypti-com-apoio-do-sindicato-rural-de-uberlandia\/","title":{"rendered":"Prefeitura mobiliza comunidade no bairro Tocantins em a\u00e7\u00e3o contra o Aedes aegypti com apoio do Sindicato Rural de Uberl\u00e2ndia"},"content":{"rendered":"<p>Como parte da campanha \u201cDengue: A Batalha come\u00e7a em casa\u201d, a Prefeitura de Uberl\u00e2ndia realizou neste s\u00e1bado (14) uma importante mobiliza\u00e7\u00e3o no bairro Tocantins, com o objetivo de conscientizar a popula\u00e7\u00e3o sobre a elimina\u00e7\u00e3o de criadouros do mosquito Aedes aegypti. A iniciativa coordenada pela Secretaria Municipal de Sa\u00fade mobilizou grande ades\u00e3o da comunidade, com o Sindicato Rural de Uberl\u00e2ndia colaborando com a doa\u00e7\u00e3o de 1.000 litros de leite para refor\u00e7ar a a\u00e7\u00e3o.<\/p>\n<p>Na Pra\u00e7a Ant\u00f4nio Martins, ao lado da Unidade B\u00e1sica de Sa\u00fade (UBS), foi realizada a troca de objetos que podem servir como criadouros, como pneus, m\u00f3veis e vasilhas, por litros de leite. A mobiliza\u00e7\u00e3o no Tocantins contou com apoio do Sindicato Rural de Uberl\u00e2ndia para prevenir as doen\u00e7as transmitidas pelo Aedes aegypti, refor\u00e7ando o compromisso com a sa\u00fade e o bem-estar da popula\u00e7\u00e3o.<\/p>\n","protected":false},"excerpt":{"rendered":"<p>Como parte da campanha \u201cDengue: A Batalha come\u00e7a em casa\u201d, a Prefeitura de Uberl\u00e2ndia realizou neste s\u00e1bado (14) uma importante mobiliza\u00e7\u00e3o no bairro Tocantins, com o objetivo de conscientizar a popula\u00e7\u00e3o sobre a elimina\u00e7\u00e3o de criadouros do mosquito Aedes aegypti. A iniciativa coordenada pela Secretaria Municipal de Sa\u00fade mobilizou grande ades\u00e3o da comunidade, com o [&hellip;]<\/p>\n","protected":false},"author":2,"featured_media":2770,"comment_status":"closed","ping_status":"open","sticky":false,"template":"","format":"standard","meta":{"inline_featured_image":false,"_mi_skip_tracking":false,"_monsterinsights_sitenote_active":false,"_monsterinsights_sitenote_note":"","_monsterinsights_sitenote_category":0,"footnotes":""},"categories":[1],"tags":[],"class_list":["post-2769","post","type-post","status-publish","format-standard","has-post-thumbnail","hentry","category-sem-categoria"],"aioseo_notices":[],"_links":{"self":[{"href":"https:\/\/www.camaru.org.br\/sru\/wp-json\/wp\/v2\/posts\/2769","targetHints":{"allow":["GET"]}}],"collection":[{"href":"https:\/\/www.camaru.org.br\/sru\/wp-json\/wp\/v2\/posts"}],"about":[{"href":"https:\/\/www.camaru.org.br\/sru\/wp-json\/wp\/v2\/types\/post"}],"author":[{"embeddable":true,"href":"https:\/\/www.camaru.org.br\/sru\/wp-json\/wp\/v2\/users\/2"}],"replies":[{"embeddable":true,"href":"https:\/\/www.camaru.org.br\/sru\/wp-json\/wp\/v2\/comments?post=2769"}],"version-history":[{"count":1,"href":"https:\/\/www.camaru.org.br\/sru\/wp-json\/wp\/v2\/posts\/2769\/revisions"}],"predecessor-version":[{"id":2774,"href":"https:\/\/www.camaru.org.br\/sru\/wp-json\/wp\/v2\/posts\/2769\/revisions\/2774"}],"wp:featuredmedia":[{"embeddable":true,"href":"https:\/\/www.camaru.org.br\/sru\/wp-json\/wp\/v2\/media\/2770"}],"wp:attachment":[{"href":"https:\/\/www.camaru.org.br\/sru\/wp-json\/wp\/v2\/media?parent=2769"}],"wp:term":[{"taxonomy":"category","embeddable":true,"href":"https:\/\/www.camaru.org.br\/sru\/wp-json\/wp\/v2\/categories?post=2769"},{"taxonomy":"post_tag","embeddable":true,"href":"https:\/\/www.camaru.org.br\/sru\/wp-json\/wp\/v2\/tags?post=2769"}],"curies":[{"name":"wp","href":"https:\/\/api.w.org\/{rel}","templated":true}]}}