{"id":2775,"date":"2024-12-17T10:45:34","date_gmt":"2024-12-17T13:45:34","guid":{"rendered":"https:\/\/www.camaru.org.br\/sru\/?p=2775"},"modified":"2024-12-17T10:48:27","modified_gmt":"2024-12-17T13:48:27","slug":"diretores-do-sindicato-rural-de-uberlandia-visitam-cooprata-para-conhecer-projeto-de-fomento-genetico-voltado-a-pequenos-produtores-de-leite","status":"publish","type":"post","link":"https:\/\/www.camaru.org.br\/sru\/diretores-do-sindicato-rural-de-uberlandia-visitam-cooprata-para-conhecer-projeto-de-fomento-genetico-voltado-a-pequenos-produtores-de-leite\/","title":{"rendered":"Diretores do Sindicato Rural de Uberl\u00e2ndia visitam Cooprata para conhecer projeto de fomento gen\u00e9tico voltado a pequenos produtores de leite"},"content":{"rendered":"<p>Os diretores do Sindicato Rural de Uberl\u00e2ndia Caio Gontijo, Jos\u00e9 Augusto Franco Vilela e Otaviano Carneiro, estiveram nesta segunda-feira, 16 de dezembro, na sede da Cooprata, para conhecer o projeto de fomento e dissemina\u00e7\u00e3o de gen\u00e9tica de qualidade voltado a pequenos produtores de leite da regi\u00e3o. A comitiva foi recebida pelo presidente da Cooperativa, Leandro Assun\u00e7\u00e3o Junqueira e pelo diretor, Marques Silveira Franco.<\/p>\n<p>Para os diretores do Sindicato Rural de Uberl\u00e2ndia, o modelo apresentado pela Cooprata \u00e9 uma refer\u00eancia e poder\u00e1 contribuir significativamente para a amplia\u00e7\u00e3o dos servi\u00e7os oferecidos aos produtores associados. Conhecer iniciativas como essa permite identificar solu\u00e7\u00f5es que agregam valor e apoiam o desenvolvimento sustent\u00e1vel da cadeia produtiva do leite na nossa regi\u00e3o.<\/p>\n<p>Fundada em 1962, a Cooprata \u00e9 uma das cooperativas mais tradicionais do agroneg\u00f3cio em Minas Gerais. Atualmente, a cooperativa conta com uma equipe de mais de 480 funcion\u00e1rios e uma fam\u00edlia de mais de 1.800 cooperados. A visita refor\u00e7a o compromisso do Sindicato Rural de Uberl\u00e2ndia em buscar parcerias e solu\u00e7\u00f5es que promovam o crescimento econ\u00f4mico e a valoriza\u00e7\u00e3o dos produtores rurais da regi\u00e3o.<\/p>\n","protected":false},"excerpt":{"rendered":"<p>Os diretores do Sindicato Rural de Uberl\u00e2ndia Caio Gontijo, Jos\u00e9 Augusto Franco Vilela e Otaviano Carneiro, estiveram nesta segunda-feira, 16 de dezembro, na sede da Cooprata, para conhecer o projeto de fomento e dissemina\u00e7\u00e3o de gen\u00e9tica de qualidade voltado a pequenos produtores de leite da regi\u00e3o. A comitiva foi recebida pelo presidente da Cooperativa, Leandro [&hellip;]<\/p>\n","protected":false},"author":2,"featured_media":2776,"comment_status":"closed","ping_status":"open","sticky":false,"template":"","format":"standard","meta":{"inline_featured_image":false,"_mi_skip_tracking":false,"_monsterinsights_sitenote_active":false,"_monsterinsights_sitenote_note":"","_monsterinsights_sitenote_category":0,"footnotes":""},"categories":[1],"tags":[],"class_list":["post-2775","post","type-post","status-publish","format-standard","has-post-thumbnail","hentry","category-sem-categoria"],"aioseo_notices":[],"_links":{"self":[{"href":"https:\/\/www.camaru.org.br\/sru\/wp-json\/wp\/v2\/posts\/2775","targetHints":{"allow":["GET"]}}],"collection":[{"href":"https:\/\/www.camaru.org.br\/sru\/wp-json\/wp\/v2\/posts"}],"about":[{"href":"https:\/\/www.camaru.org.br\/sru\/wp-json\/wp\/v2\/types\/post"}],"author":[{"embeddable":true,"href":"https:\/\/www.camaru.org.br\/sru\/wp-json\/wp\/v2\/users\/2"}],"replies":[{"embeddable":true,"href":"https:\/\/www.camaru.org.br\/sru\/wp-json\/wp\/v2\/comments?post=2775"}],"version-history":[{"count":1,"href":"https:\/\/www.camaru.org.br\/sru\/wp-json\/wp\/v2\/posts\/2775\/revisions"}],"predecessor-version":[{"id":2777,"href":"https:\/\/www.camaru.org.br\/sru\/wp-json\/wp\/v2\/posts\/2775\/revisions\/2777"}],"wp:featuredmedia":[{"embeddable":true,"href":"https:\/\/www.camaru.org.br\/sru\/wp-json\/wp\/v2\/media\/2776"}],"wp:attachment":[{"href":"https:\/\/www.camaru.org.br\/sru\/wp-json\/wp\/v2\/media?parent=2775"}],"wp:term":[{"taxonomy":"category","embeddable":true,"href":"https:\/\/www.camaru.org.br\/sru\/wp-json\/wp\/v2\/categories?post=2775"},{"taxonomy":"post_tag","embeddable":true,"href":"https:\/\/www.camaru.org.br\/sru\/wp-json\/wp\/v2\/tags?post=2775"}],"curies":[{"name":"wp","href":"https:\/\/api.w.org\/{rel}","templated":true}]}}