{"id":2838,"date":"2025-05-21T09:12:42","date_gmt":"2025-05-21T12:12:42","guid":{"rendered":"https:\/\/www.camaru.org.br\/sru\/?p=2838"},"modified":"2025-05-21T15:01:02","modified_gmt":"2025-05-21T18:01:02","slug":"banco-do-brasil-reforca-apoio-ao-produtor-rural-em-uberlandia-e-regiao","status":"publish","type":"post","link":"https:\/\/www.camaru.org.br\/sru\/banco-do-brasil-reforca-apoio-ao-produtor-rural-em-uberlandia-e-regiao\/","title":{"rendered":"Banco do Brasil refor\u00e7a apoio ao produtor rural em Uberl\u00e2ndia e regi\u00e3o"},"content":{"rendered":"<p><img fetchpriority=\"high\" decoding=\"async\" class=\"alignnone wp-image-2839 size-large\" src=\"https:\/\/www.camaru.org.br\/sru\/wp-content\/uploads\/sites\/4\/2025\/05\/IMG-20250520-WA0006-819x1024.jpg\" alt=\"\" width=\"819\" height=\"1024\" srcset=\"https:\/\/www.camaru.org.br\/sru\/wp-content\/uploads\/sites\/4\/2025\/05\/IMG-20250520-WA0006-819x1024.jpg 819w, https:\/\/www.camaru.org.br\/sru\/wp-content\/uploads\/sites\/4\/2025\/05\/IMG-20250520-WA0006-240x300.jpg 240w, https:\/\/www.camaru.org.br\/sru\/wp-content\/uploads\/sites\/4\/2025\/05\/IMG-20250520-WA0006-768x960.jpg 768w, https:\/\/www.camaru.org.br\/sru\/wp-content\/uploads\/sites\/4\/2025\/05\/IMG-20250520-WA0006.jpg 1080w\" sizes=\"(max-width: 819px) 100vw, 819px\" \/><\/p>\n<p>Em reuni\u00e3o realizada no Sindicato Rural de Uberl\u00e2ndia, o presidente Thiago Fonseca, o vice-presidente Claudionor Nunes, acompanhados do secret\u00e1rio municipal de Agroneg\u00f3cio, Thiago Silveira, receberam dirigentes do Banco do Brasil para discutir medidas de apoio ao setor agropecu\u00e1rio. Na ocasi\u00e3o, o banco anunciou novas concess\u00f5es de cr\u00e9dito destinadas \u00e0 agricultura familiar, al\u00e9m de m\u00e9dios e grandes produtores rurais, com foco em custeio e investimento. A iniciativa refor\u00e7a a proximidade e o compromisso do banco com todos os perfis de produtores, em todos os momentos. A a\u00e7\u00e3o mobiliza diferentes \u00e1reas e equipes t\u00e9cnicas do banco, reafirmando seu compromisso com o desenvolvimento do agroneg\u00f3cio em Uberl\u00e2ndia e regi\u00e3o.<\/p>\n<p><em>O destaque do encontro foi a recomenda\u00e7\u00e3o que, para os produtores que enfrentam dificuldades de pagamento, o Banco do Brasil tem concentrado esfor\u00e7os na oferta de solu\u00e7\u00f5es com juros equalizados \u2014 conforme previsto no Manual do Cr\u00e9dito Rural e nos contratos originais \u2014 al\u00e9m de condi\u00e7\u00f5es especiais oferecidas pela pr\u00f3pria institui\u00e7\u00e3o. A orienta\u00e7\u00e3o dos gerentes do Banco do Brasil \u00e9 que o produtor rural procure sua ag\u00eancia de relacionamento para atendimento especializado e busca de alternativas vi\u00e1veis \u00e0 manuten\u00e7\u00e3o e ao crescimento de sua atividade.<\/em><\/p>\n<p>Participaram da reuni\u00e3o como representantes do Banco do Brasil: M\u00e1rcio Pereira (superintendente regional do Tri\u00e2ngulo, Alto Parana\u00edba e Cerrado Mineiro), Elcio Borges (gerente de governo), Manuel Hildegardo (gerente de reestrutura\u00e7\u00e3o), Dr. D\u00e1rio Doro (gerente jur\u00eddico regional), Edson Martins (gerente nacional de reestrutura\u00e7\u00e3o) e Bruno Gon\u00e7alves (gerente de agroneg\u00f3cios).<\/p>\n","protected":false},"excerpt":{"rendered":"<p>Em reuni\u00e3o realizada no Sindicato Rural de Uberl\u00e2ndia, o presidente Thiago Fonseca, o vice-presidente Claudionor Nunes, acompanhados do secret\u00e1rio municipal de Agroneg\u00f3cio, Thiago Silveira, receberam dirigentes do Banco do Brasil para discutir medidas de apoio ao setor agropecu\u00e1rio. Na ocasi\u00e3o, o banco anunciou novas concess\u00f5es de cr\u00e9dito destinadas \u00e0 agricultura familiar, al\u00e9m de m\u00e9dios e [&hellip;]<\/p>\n","protected":false},"author":2,"featured_media":0,"comment_status":"closed","ping_status":"open","sticky":false,"template":"","format":"standard","meta":{"inline_featured_image":false,"_mi_skip_tracking":false,"_monsterinsights_sitenote_active":false,"_monsterinsights_sitenote_note":"","_monsterinsights_sitenote_category":0,"footnotes":""},"categories":[1],"tags":[],"class_list":["post-2838","post","type-post","status-publish","format-standard","hentry","category-sem-categoria"],"aioseo_notices":[],"_links":{"self":[{"href":"https:\/\/www.camaru.org.br\/sru\/wp-json\/wp\/v2\/posts\/2838","targetHints":{"allow":["GET"]}}],"collection":[{"href":"https:\/\/www.camaru.org.br\/sru\/wp-json\/wp\/v2\/posts"}],"about":[{"href":"https:\/\/www.camaru.org.br\/sru\/wp-json\/wp\/v2\/types\/post"}],"author":[{"embeddable":true,"href":"https:\/\/www.camaru.org.br\/sru\/wp-json\/wp\/v2\/users\/2"}],"replies":[{"embeddable":true,"href":"https:\/\/www.camaru.org.br\/sru\/wp-json\/wp\/v2\/comments?post=2838"}],"version-history":[{"count":3,"href":"https:\/\/www.camaru.org.br\/sru\/wp-json\/wp\/v2\/posts\/2838\/revisions"}],"predecessor-version":[{"id":2844,"href":"https:\/\/www.camaru.org.br\/sru\/wp-json\/wp\/v2\/posts\/2838\/revisions\/2844"}],"wp:attachment":[{"href":"https:\/\/www.camaru.org.br\/sru\/wp-json\/wp\/v2\/media?parent=2838"}],"wp:term":[{"taxonomy":"category","embeddable":true,"href":"https:\/\/www.camaru.org.br\/sru\/wp-json\/wp\/v2\/categories?post=2838"},{"taxonomy":"post_tag","embeddable":true,"href":"https:\/\/www.camaru.org.br\/sru\/wp-json\/wp\/v2\/tags?post=2838"}],"curies":[{"name":"wp","href":"https:\/\/api.w.org\/{rel}","templated":true}]}}