{"id":2848,"date":"2025-05-27T15:11:38","date_gmt":"2025-05-27T18:11:38","guid":{"rendered":"https:\/\/www.camaru.org.br\/sru\/?p=2848"},"modified":"2025-05-27T15:11:38","modified_gmt":"2025-05-27T18:11:38","slug":"capacitacao-que-transforma-faemg-senar-e-sindicato-rural-alinham-acoes-para-o-futuro-da-formacao-no-campo","status":"publish","type":"post","link":"https:\/\/www.camaru.org.br\/sru\/capacitacao-que-transforma-faemg-senar-e-sindicato-rural-alinham-acoes-para-o-futuro-da-formacao-no-campo\/","title":{"rendered":"Capacita\u00e7\u00e3o que transforma: Faemg Senar e Sindicato Rural alinham a\u00e7\u00f5es para o futuro da forma\u00e7\u00e3o no campo"},"content":{"rendered":"<p><img fetchpriority=\"high\" decoding=\"async\" class=\"alignnone wp-image-2849 size-large\" src=\"https:\/\/www.camaru.org.br\/sru\/wp-content\/uploads\/sites\/4\/2025\/05\/Plano-Faemg-2026-819x1024.jpeg\" alt=\"\" width=\"819\" height=\"1024\" srcset=\"https:\/\/www.camaru.org.br\/sru\/wp-content\/uploads\/sites\/4\/2025\/05\/Plano-Faemg-2026-819x1024.jpeg 819w, https:\/\/www.camaru.org.br\/sru\/wp-content\/uploads\/sites\/4\/2025\/05\/Plano-Faemg-2026-240x300.jpeg 240w, https:\/\/www.camaru.org.br\/sru\/wp-content\/uploads\/sites\/4\/2025\/05\/Plano-Faemg-2026-768x960.jpeg 768w, https:\/\/www.camaru.org.br\/sru\/wp-content\/uploads\/sites\/4\/2025\/05\/Plano-Faemg-2026.jpeg 1080w\" sizes=\"(max-width: 819px) 100vw, 819px\" \/><\/p>\n<p>O gerente regional do Sistema Faemg Senar, Ricardo Tuller, esteve reunido com a diretoria do Sindicato Rural de Uberl\u00e2ndia, representada pelo presidente Thiago Fonseca e pelo diretor Gilmar Goudard, para apresentar o planejamento da entidade, que prev\u00ea a realiza\u00e7\u00e3o de 1.500 treinamentos no ano de 2026, nos 39 Sindicatos Rurais da regional. A proposta \u00e9 ampliar significativamente as a\u00e7\u00f5es de capacita\u00e7\u00e3o e fortalecer a atua\u00e7\u00e3o conjunta entre as institui\u00e7\u00f5es.<\/p>\n<p>Durante o encontro, Tuller anunciou que ser\u00e3o feitas visitas a todos os Sindicatos da regional e, j\u00e1 em junho, est\u00e3o previstas reuni\u00f5es com demandantes, tais como representantes de comunidades, conselhos rurais, produtores e empresas para identificar os principais problemas enfrentados em cada localidade. A partir desse diagn\u00f3stico, ser\u00e3o selecionados cursos do portf\u00f3lio do Senar que contribuam com solu\u00e7\u00f5es pr\u00e1ticas e eficientes.<\/p>\n<p>O Sindicato tamb\u00e9m se comprometeu a levar os dados e resultados das a\u00e7\u00f5es j\u00e1 realizadas para reuni\u00f5es estrat\u00e9gicas com representantes do poder p\u00fablico municipal, incluindo o prefeito e as secretarias de Educa\u00e7\u00e3o, Sa\u00fade e Agroneg\u00f3cio.<\/p>\n","protected":false},"excerpt":{"rendered":"<p>O gerente regional do Sistema Faemg Senar, Ricardo Tuller, esteve reunido com a diretoria do Sindicato Rural de Uberl\u00e2ndia, representada pelo presidente Thiago Fonseca e pelo diretor Gilmar Goudard, para apresentar o planejamento da entidade, que prev\u00ea a realiza\u00e7\u00e3o de 1.500 treinamentos no ano de 2026, nos 39 Sindicatos Rurais da regional. A proposta \u00e9 [&hellip;]<\/p>\n","protected":false},"author":2,"featured_media":0,"comment_status":"closed","ping_status":"open","sticky":false,"template":"","format":"standard","meta":{"inline_featured_image":false,"_mi_skip_tracking":false,"_monsterinsights_sitenote_active":false,"_monsterinsights_sitenote_note":"","_monsterinsights_sitenote_category":0,"footnotes":""},"categories":[1],"tags":[],"class_list":["post-2848","post","type-post","status-publish","format-standard","hentry","category-sem-categoria"],"aioseo_notices":[],"_links":{"self":[{"href":"https:\/\/www.camaru.org.br\/sru\/wp-json\/wp\/v2\/posts\/2848","targetHints":{"allow":["GET"]}}],"collection":[{"href":"https:\/\/www.camaru.org.br\/sru\/wp-json\/wp\/v2\/posts"}],"about":[{"href":"https:\/\/www.camaru.org.br\/sru\/wp-json\/wp\/v2\/types\/post"}],"author":[{"embeddable":true,"href":"https:\/\/www.camaru.org.br\/sru\/wp-json\/wp\/v2\/users\/2"}],"replies":[{"embeddable":true,"href":"https:\/\/www.camaru.org.br\/sru\/wp-json\/wp\/v2\/comments?post=2848"}],"version-history":[{"count":2,"href":"https:\/\/www.camaru.org.br\/sru\/wp-json\/wp\/v2\/posts\/2848\/revisions"}],"predecessor-version":[{"id":2851,"href":"https:\/\/www.camaru.org.br\/sru\/wp-json\/wp\/v2\/posts\/2848\/revisions\/2851"}],"wp:attachment":[{"href":"https:\/\/www.camaru.org.br\/sru\/wp-json\/wp\/v2\/media?parent=2848"}],"wp:term":[{"taxonomy":"category","embeddable":true,"href":"https:\/\/www.camaru.org.br\/sru\/wp-json\/wp\/v2\/categories?post=2848"},{"taxonomy":"post_tag","embeddable":true,"href":"https:\/\/www.camaru.org.br\/sru\/wp-json\/wp\/v2\/tags?post=2848"}],"curies":[{"name":"wp","href":"https:\/\/api.w.org\/{rel}","templated":true}]}}