{"id":2856,"date":"2025-05-29T10:27:46","date_gmt":"2025-05-29T13:27:46","guid":{"rendered":"https:\/\/www.camaru.org.br\/sru\/?p=2856"},"modified":"2025-05-29T10:27:46","modified_gmt":"2025-05-29T13:27:46","slug":"uberlandia-sedia-26a-exposicao-especializada-do-mangalarga-marchador-entre-os-dias-29-e-31-de-maio","status":"publish","type":"post","link":"https:\/\/www.camaru.org.br\/sru\/uberlandia-sedia-26a-exposicao-especializada-do-mangalarga-marchador-entre-os-dias-29-e-31-de-maio\/","title":{"rendered":"Uberl\u00e2ndia sedia 26\u00aa Exposi\u00e7\u00e3o Especializada do Mangalarga Marchador entre os dias 29 e 31 de maio"},"content":{"rendered":"<p><img fetchpriority=\"high\" decoding=\"async\" class=\"alignnone wp-image-2857 size-full\" src=\"https:\/\/www.camaru.org.br\/sru\/wp-content\/uploads\/sites\/4\/2025\/05\/Animais-classificados-em-Uberlandia-participarao-da-etapa-nacional-em-Belo-Horizonte.jpg\" alt=\"\" width=\"800\" height=\"533\" srcset=\"https:\/\/www.camaru.org.br\/sru\/wp-content\/uploads\/sites\/4\/2025\/05\/Animais-classificados-em-Uberlandia-participarao-da-etapa-nacional-em-Belo-Horizonte.jpg 800w, https:\/\/www.camaru.org.br\/sru\/wp-content\/uploads\/sites\/4\/2025\/05\/Animais-classificados-em-Uberlandia-participarao-da-etapa-nacional-em-Belo-Horizonte-300x200.jpg 300w, https:\/\/www.camaru.org.br\/sru\/wp-content\/uploads\/sites\/4\/2025\/05\/Animais-classificados-em-Uberlandia-participarao-da-etapa-nacional-em-Belo-Horizonte-768x512.jpg 768w\" sizes=\"(max-width: 800px) 100vw, 800px\" \/><\/p>\n<p>O Parque de Exposi\u00e7\u00f5es Camaru em Uberl\u00e2ndia (MG) ser\u00e1 palco de um dos eventos mais aguardados do calend\u00e1rio equestre nacional: a 26\u00aa Exposi\u00e7\u00e3o Especializada do Mangalarga Marchador, que ser\u00e1 realizada de 29 a 31 de maio, das 8 \u00e0s 18 horas. Promovido pela Associa\u00e7\u00e3o dos Criadores do Tri\u00e2ngulo, em parceria com o Sindicato Rural de Uberl\u00e2ndia, o evento promete reunir criadores, expositores e apaixonados pela ra\u00e7a que \u00e9 s\u00edmbolo de eleg\u00e2ncia, rusticidade e funcionalidade no campo.<\/p>\n<p>A programa\u00e7\u00e3o inclui julgamentos morfol\u00f3gicos e de andamento, com a participa\u00e7\u00e3o de jurados renomados da ra\u00e7a. Tiago de Resende Garcia ser\u00e1 o respons\u00e1vel pelo julgamento de morfologia, enquanto Wilian Alexandre Lima da C\u00f4rte julgar\u00e1 o andamento dos animais.<\/p>\n<p>Mais do que uma vitrine para a qualidade gen\u00e9tica dos exemplares, a exposi\u00e7\u00e3o movimenta a economia regional, fomenta neg\u00f3cios entre criadores e promove o interc\u00e2mbio t\u00e9cnico entre profissionais do setor.<\/p>\n<p>A imprensa est\u00e1 convidada a acompanhar de perto este encontro que une tradi\u00e7\u00e3o, excel\u00eancia e paix\u00e3o pelo Mangalarga Marchador. Uma oportunidade imperd\u00edvel para registrar imagens impressionantes e hist\u00f3rias marcantes do universo da equinocultura brasileira.<\/p>\n<p>Servi\u00e7o:<\/p>\n<p>26\u00aa Exposi\u00e7\u00e3o Especializada do Mangalarga Marchador<\/p>\n<p>29 a 31 de maio de 2025<\/p>\n<p>Parque de Exposi\u00e7\u00f5es Camaru | Uberl\u00e2ndia \u2013 MG<\/p>\n","protected":false},"excerpt":{"rendered":"<p>O Parque de Exposi\u00e7\u00f5es Camaru em Uberl\u00e2ndia (MG) ser\u00e1 palco de um dos eventos mais aguardados do calend\u00e1rio equestre nacional: a 26\u00aa Exposi\u00e7\u00e3o Especializada do Mangalarga Marchador, que ser\u00e1 realizada de 29 a 31 de maio, das 8 \u00e0s 18 horas. Promovido pela Associa\u00e7\u00e3o dos Criadores do Tri\u00e2ngulo, em parceria com o Sindicato Rural de [&hellip;]<\/p>\n","protected":false},"author":2,"featured_media":0,"comment_status":"closed","ping_status":"open","sticky":false,"template":"","format":"standard","meta":{"inline_featured_image":false,"_mi_skip_tracking":false,"_monsterinsights_sitenote_active":false,"_monsterinsights_sitenote_note":"","_monsterinsights_sitenote_category":0,"footnotes":""},"categories":[1],"tags":[],"class_list":["post-2856","post","type-post","status-publish","format-standard","hentry","category-sem-categoria"],"aioseo_notices":[],"_links":{"self":[{"href":"https:\/\/www.camaru.org.br\/sru\/wp-json\/wp\/v2\/posts\/2856","targetHints":{"allow":["GET"]}}],"collection":[{"href":"https:\/\/www.camaru.org.br\/sru\/wp-json\/wp\/v2\/posts"}],"about":[{"href":"https:\/\/www.camaru.org.br\/sru\/wp-json\/wp\/v2\/types\/post"}],"author":[{"embeddable":true,"href":"https:\/\/www.camaru.org.br\/sru\/wp-json\/wp\/v2\/users\/2"}],"replies":[{"embeddable":true,"href":"https:\/\/www.camaru.org.br\/sru\/wp-json\/wp\/v2\/comments?post=2856"}],"version-history":[{"count":1,"href":"https:\/\/www.camaru.org.br\/sru\/wp-json\/wp\/v2\/posts\/2856\/revisions"}],"predecessor-version":[{"id":2858,"href":"https:\/\/www.camaru.org.br\/sru\/wp-json\/wp\/v2\/posts\/2856\/revisions\/2858"}],"wp:attachment":[{"href":"https:\/\/www.camaru.org.br\/sru\/wp-json\/wp\/v2\/media?parent=2856"}],"wp:term":[{"taxonomy":"category","embeddable":true,"href":"https:\/\/www.camaru.org.br\/sru\/wp-json\/wp\/v2\/categories?post=2856"},{"taxonomy":"post_tag","embeddable":true,"href":"https:\/\/www.camaru.org.br\/sru\/wp-json\/wp\/v2\/tags?post=2856"}],"curies":[{"name":"wp","href":"https:\/\/api.w.org\/{rel}","templated":true}]}}